{"id":1518,"date":"2012-08-06T10:53:16","date_gmt":"2012-08-06T08:53:16","guid":{"rendered":"http:\/\/www.gcaudron.com\/?p=1518"},"modified":"2012-08-06T10:53:16","modified_gmt":"2012-08-06T08:53:16","slug":"carnet-n-205-du-6-aout-2012","status":"publish","type":"post","link":"http:\/\/www.gcaudron.com\/?p=1518","title":{"rendered":"Carnet n\u00b0 205 du 6 Ao\u00fbt 2012"},"content":{"rendered":"<p><strong>\u00ab\u00a0\u00catre homme, c&rsquo;est sentir que l&rsquo;on contribue \u00e0 b\u00e2tir le monde\u00a0\u00bb<\/strong><\/p>\n<p><strong>\u00a0<\/strong><\/p>\n<p><strong>Il y a 3 ans tr\u00e8s exactement<\/strong>, le 6 ao\u00fbt 2009, <strong>je reprenais l&rsquo;\u00e9criture de mes carnets<\/strong> apr\u00e8s un peu plus d&rsquo;un an de pause suite \u00e0 ma r\u00e9\u00e9lection en tant que maire en mars 2008, date \u00e0 laquelle je pouvais d\u00e9j\u00e0 compter 19 ann\u00e9es d&rsquo;\u00e9criture \u00ab\u00a0au fil des jours\u00a0\u00bb&#8230;.<\/p>\n<p>&nbsp;<\/p>\n<p>Depuis, durant ces 3 ann\u00e9es, <strong>j&rsquo;ai \u00e9cris 205 carnets<\/strong>, soit pr\u00e8s de 2000 pages \u00ab\u00a0d&rsquo;\u00e9criture fine\u00a0\u00bb et j&rsquo;ai pu d\u00e9compter plus de 300 000 lectures&#8230; ce n&rsquo;est pas rien&#8230;<\/p>\n<p>&nbsp;<\/p>\n<p><strong>Et j&rsquo;esp\u00e8re tout simplement m&rsquo;inscrire ainsi, tr\u00e8s modestement bien s\u00fbr, dans un objectif humain<\/strong> ainsi formul\u00e9 dans \u00ab\u00a0La d\u00e9claration officielle de l&rsquo;Europe de la m\u00e9moire\u00a0\u00bb :<\/p>\n<p>&nbsp;<\/p>\n<p><strong>\u00ab\u00a0Faire savoir pour ne pas oublier, transmettre pour mieux construire, se souvenir pour pr\u00e9venir\u00a0\u00bb<\/strong><\/p>\n<p>&nbsp;<\/p>\n<p>C&rsquo;est d&rsquo;ailleurs ainsi au nom de <strong>cette ardente obligation de m\u00e9moire<\/strong> que j&rsquo;apporte depuis 1977 l&rsquo;attention et l&rsquo;\u00e9nergie que nous devons aux manifestations du souvenir, aux comm\u00e9morations et aux c\u00e9r\u00e9monies patriotiques.<\/p>\n<p>&nbsp;<\/p>\n<p><strong>C&rsquo;est aussi au nom de ce devoir de m\u00e9moire <\/strong>que, dans la ville, des noms, des plaques, des textes et des photos nous rappellent \u00ab\u00a0sur le mode des petits cailloux blancs\u00a0\u00bb laiss\u00e9s par les marcheurs en terres inconnues, un chemin et des traces de \u00ab\u00a0l&rsquo;humanit\u00e9 en marche\u00a0\u00bb&#8230;<\/p>\n<p>&nbsp;<\/p>\n<p>Il reste bien du travail \u00e0 faire pour marquer le pass\u00e9 et bien du chemin \u00e0 tracer et \u00e0 parcourir dans l&rsquo;avenir&#8230; <strong>c&rsquo;est ce que l&rsquo;on appelle LA VIE !<\/strong><\/p>\n<p>&nbsp;<\/p>\n<p><strong>Et cette vie, je m&rsquo;y accroche en y apportant tout mon temps<\/strong>, y compris celui que d&rsquo;autres, tr\u00e8s l\u00e9gitimement, s&rsquo;octroient pour du repos et des vacances.<\/p>\n<p>&nbsp;<\/p>\n<p>Une fois encore,<strong> j&rsquo;aurai consacr\u00e9 ces jours de l&rsquo;\u00e9t\u00e9 2012 \u00e0 travailler en profondeur<\/strong> les lourds dossiers de notre ville, un travail de lecture, de r\u00e9flexion et d&rsquo;\u00e9criture tout juste entrecoup\u00e9 de visites rapides chez nos jeunes en Centres de vacances et en Centres de loisirs, quelques autres visites avec nos services techniques des chantiers de r\u00e9novation et de construction de cr\u00e8ches, salles de sports, \u00e9coles et voiries, sans oublier bien s\u00fbr, et de mani\u00e8re r\u00e9currente, des travers\u00e9es dans tous les sens et par tous les moyens, \u00e0 pied et en voiture, de tous les quartiers de Villeneuve d&rsquo;Ascq.<\/p>\n<p>&nbsp;<\/p>\n<p>Seule \u00ab\u00a0exception\u00a0\u00bb, une promenade ce dimanche sur la digue de Malo o\u00f9, d&rsquo;ailleurs, j&rsquo;ai rencontr\u00e9 plusieurs Villeneuvois.<\/p>\n<p>&nbsp;<\/p>\n<p><strong>Oui, une fois encore, un \u00e9t\u00e9 dans ma ville&#8230; un plaisir dont, vraiment, je ne me lasse pas.<\/strong><\/p>\n<p><strong>\u00a0<\/strong><\/p>\n<p><strong>Un regard pos\u00e9<\/strong> sur plusieurs \u00e9tapes de ma vie et surtout sur le travail collectif, durant ces derni\u00e8res d\u00e9cennies, des villeneuvois, de leurs associations, des artisans et militants \u00e9conomiques, culturels, sportifs, sociaux, environnementaux, des conservations n\u00e9cessaires et des cr\u00e9ations indispensables, des innovations et des expressions de nos diff\u00e9rences, d&rsquo;une nature pr\u00e9serv\u00e9es et d&rsquo;une vie architecturale bouillante&#8230;.<\/p>\n<p>&nbsp;<\/p>\n<p><strong>Oui, c&rsquo;est cela aussi la vie&#8230;.<\/strong><\/p>\n<p><strong>\u00a0<\/strong><\/p>\n<p><strong>Et c&rsquo;est bon de pouvoir le faire.<\/strong><\/p>\n<p>&nbsp;<\/p>\n<p>J&rsquo;ai pu enfin pleinement visualiser et mesurer les r\u00e9sultats de <strong>ce concept en forme d&rsquo;objectif<\/strong> lanc\u00e9 d\u00e8s le 27 f\u00e9vrier 2000 et <strong>mis en \u0153uvre apr\u00e8s mars 2008 \u00ab\u00a0la Ville Nouvelle Renouvel\u00e9e\u00a0\u00bb, <\/strong>un concept qui se d\u00e9cline en 3 volets pour les \u00e9quipements, les espaces publics et les logements :<\/p>\n<p>&nbsp;<\/p>\n<p>&#8211;\u00a0\u00a0\u00a0\u00a0\u00a0\u00a0\u00a0 les r\u00e9nover<\/p>\n<p>&#8211;\u00a0\u00a0\u00a0\u00a0\u00a0\u00a0\u00a0 les mettre aux normes<\/p>\n<p>&#8211;\u00a0\u00a0\u00a0\u00a0\u00a0\u00a0\u00a0 leur donner le look et la dimension \u00e0 l&rsquo;heure et \u00e0 l&rsquo;image du 21 \u00e8me si\u00e8cle.<\/p>\n<p>&nbsp;<\/p>\n<p>Je m&rsquo;\u00e9tais fait r\u00e9\u00e9lire en mars 2008 avec pour Villeneuve d&rsquo;Ascq une feuille de route en deux points :<\/p>\n<p>&nbsp;<\/p>\n<p><strong>La r\u00e9nover<\/strong> (voire la r\u00e9parer) pour lui donner <strong>un nouvel \u00e9lan.<\/strong><\/p>\n<p>&nbsp;<\/p>\n<p><strong>Malgr\u00e9 la crise<\/strong> qui a ass\u00e9ch\u00e9 nos moyens, <strong>il faudrait vraiment \u00eatre de mauvaise foi<\/strong> et, pire, nier le travail collectif des villeneuvois <strong>pour ne pas reconna\u00eetre ce qui a \u00e9t\u00e9 r\u00e9alis\u00e9 sur ces 2 points.<\/strong><\/p>\n<p>&nbsp;<\/p>\n<p>Et de repenser en cet instant \u00e0 ces paroles de Simone Veil, une grande dame :<\/p>\n<p>&nbsp;<\/p>\n<p><strong>\u00ab\u00a0L&rsquo;avenir ne nous apporte rien, ne nous donne rien ; c&rsquo;est nous qui pour le construire, devons tout lui donner, lui donner notre vie elle-m\u00eame\u00a0\u00bb<\/strong><\/p>\n<p>&nbsp;<\/p>\n<p>Que puis-je dire de plus ? Tout est dit&#8230; tout m&rsquo;est dit.<\/p>\n<p>&nbsp;<\/p>\n<p>Bien s\u00fbr dans le m\u00eame temps et durant la semaine \u00e9coul\u00e9e, la vie a continu\u00e9 avec les jeux olympiques \u00e0 toutes heures, \u00ab\u00a0simplement entrecoup\u00e9s par les massacres en Syrie&#8230;\u00a0\u00bb<\/p>\n<p>&nbsp;<\/p>\n<p><strong>Le gouvernement fran\u00e7ais et ses ministres ont continu\u00e9 d&rsquo;essayer d&rsquo;\u00eatre fid\u00e8le \u00e0 la parole donn\u00e9e.<\/strong><\/p>\n<p>&nbsp;<\/p>\n<p>C&rsquo;est le cas de Manuel Valls sur la s\u00e9curit\u00e9 et sur les Roms,<\/p>\n<p>&nbsp;<\/p>\n<p>c&rsquo;est le cas de Martine Aubry qui, sur ce dernier dossier, a confirm\u00e9 qu&rsquo;elle ne manquait pas de courage.<\/p>\n<p>&nbsp;<\/p>\n<p>C&rsquo;est sans doute aussi, et elle est r\u00e9elle, l&rsquo;envie collective de Fran\u00e7ois Hollande, de son Premier Ministre et son gouvernement de pouvoir et de savoir partager plus \u00e9quitablement les efforts de rigueur \u00e0 faire pour redresser notre pays.<\/p>\n<p>&nbsp;<\/p>\n<p><strong>Il ne devrait pas aujourd&rsquo;hui manquer une seule voix pour leur souhaiter de r\u00e9ussir !<\/strong><\/p>\n<p><strong>\u00a0<\/strong><\/p>\n<p>Oui, chacun devrait faire siennes ces paroles d&rsquo;Antoine de Saint Exup\u00e9ry :<\/p>\n<p><strong>\u00a0<\/strong><\/p>\n<p><strong>\u00ab\u00a0\u00catre homme, c&rsquo;est pr\u00e9cis\u00e9ment \u00eatre responsable. C&rsquo;est conna\u00eetre la honte en face d&rsquo;une mis\u00e8re qui ne semblait pas d\u00e9pendre de soi. C&rsquo;est \u00eatre fier d&rsquo;une victoire que les camarades ont remport\u00e9. C&rsquo;est sentir, en posant sa pierre, que l&rsquo;on contribue \u00e0 b\u00e2tir le monde\u00a0\u00bb.<\/strong><\/p>\n","protected":false},"excerpt":{"rendered":"<p>\u00ab\u00a0\u00catre homme, c&rsquo;est sentir que l&rsquo;on contribue \u00e0 b\u00e2tir le monde\u00a0\u00bb \u00a0 Il y a 3 ans tr\u00e8s exactement, le 6 ao\u00fbt 2009, je reprenais l&rsquo;\u00e9criture de mes carnets apr\u00e8s un peu plus d&rsquo;un an de pause suite \u00e0 ma r\u00e9\u00e9lection en tant que maire en mars 2008, date \u00e0 laquelle je pouvais d\u00e9j\u00e0 compter &hellip; <\/p>\n<p><a class=\"more-link btn\" href=\"http:\/\/www.gcaudron.com\/?p=1518\">Continue reading<\/a><\/p>\n","protected":false},"author":3,"featured_media":0,"comment_status":"closed","ping_status":"open","sticky":false,"template":"","format":"standard","meta":{"footnotes":""},"categories":[5],"tags":[],"class_list":["post-1518","post","type-post","status-publish","format-standard","hentry","category-carnets","item-wrap"],"_links":{"self":[{"href":"http:\/\/www.gcaudron.com\/index.php?rest_route=\/wp\/v2\/posts\/1518","targetHints":{"allow":["GET"]}}],"collection":[{"href":"http:\/\/www.gcaudron.com\/index.php?rest_route=\/wp\/v2\/posts"}],"about":[{"href":"http:\/\/www.gcaudron.com\/index.php?rest_route=\/wp\/v2\/types\/post"}],"author":[{"embeddable":true,"href":"http:\/\/www.gcaudron.com\/index.php?rest_route=\/wp\/v2\/users\/3"}],"replies":[{"embeddable":true,"href":"http:\/\/www.gcaudron.com\/index.php?rest_route=%2Fwp%2Fv2%2Fcomments&post=1518"}],"version-history":[{"count":2,"href":"http:\/\/www.gcaudron.com\/index.php?rest_route=\/wp\/v2\/posts\/1518\/revisions"}],"predecessor-version":[{"id":1520,"href":"http:\/\/www.gcaudron.com\/index.php?rest_route=\/wp\/v2\/posts\/1518\/revisions\/1520"}],"wp:attachment":[{"href":"http:\/\/www.gcaudron.com\/index.php?rest_route=%2Fwp%2Fv2%2Fmedia&parent=1518"}],"wp:term":[{"taxonomy":"category","embeddable":true,"href":"http:\/\/www.gcaudron.com\/index.php?rest_route=%2Fwp%2Fv2%2Fcategories&post=1518"},{"taxonomy":"post_tag","embeddable":true,"href":"http:\/\/www.gcaudron.com\/index.php?rest_route=%2Fwp%2Fv2%2Ftags&post=1518"}],"curies":[{"name":"wp","href":"https:\/\/api.w.org\/{rel}","templated":true}]}}