{"id":10935,"date":"2026-04-16T21:04:09","date_gmt":"2026-04-16T19:04:09","guid":{"rendered":"http:\/\/www.gcaudron.com\/?p=10935"},"modified":"2026-04-18T07:29:01","modified_gmt":"2026-04-18T05:29:01","slug":"carnet-n-903-du-16-avril-2026","status":"publish","type":"post","link":"http:\/\/www.gcaudron.com\/?p=10935","title":{"rendered":"Carnet n\u00b0 903 du 16 avril 2026"},"content":{"rendered":"<div class=\"wp-block-image\">\n<figure class=\"alignright size-full\"><img loading=\"lazy\" decoding=\"async\" width=\"220\" height=\"348\" src=\"http:\/\/www.gcaudron.com\/wp-content\/uploads\/2026\/04\/IMG_2035.jpeg\" alt=\"\" class=\"wp-image-10936\" srcset=\"http:\/\/www.gcaudron.com\/wp-content\/uploads\/2026\/04\/IMG_2035.jpeg 220w, http:\/\/www.gcaudron.com\/wp-content\/uploads\/2026\/04\/IMG_2035-190x300.jpeg 190w\" sizes=\"auto, (max-width: 220px) 100vw, 220px\" \/><\/figure>\n<\/div>\n\n\n<p><strong>S\u2019agissant de trop de dirigeants politiques du niveau mondial jusqu&rsquo;au niveau local :<\/strong> <strong>une seule question se pose les concernant :&nbsp;INCAPACIT\u00c9 OU VOLONT\u00c9 DE NUIRE ?<\/strong><\/p>\n\n\n\n<p><strong>C\u2019est une question que je me suis souvent pos\u00e9<\/strong>e tout au long de ma longue vie publique avec souvent comme r\u00e9ponse, \u00ab les deux mon capitaine \u00bb, incapacit\u00e9 ET volont\u00e9 de nuire&#8230;, <strong>une question que je continue \u00e0 me poser dans\u00a0les mondes\u00a0o\u00f9 nous vivons aujourd\u2019hui,<\/strong> du niveau plan\u00e9taire au niveau Europ\u00e9en\u00a0\u00e0 celui de la France et m\u00eame au niveau local, <strong>\u00e0 me la poser , oui , mais en en durcissant les termes pour ajouter \u00e0 \u00ab l\u2019incapacit\u00e9 \u00bb,\u00a0<\/strong>\u00a0l\u2019ignorance,\u00a0 le \u00a0\u00bb je m&rsquo;en foutisme \u00ab\u00a0, le manque de m\u00e9moire, d\u2019\u00e9ducation ou d\u2019esprit de responsabilit\u00e9 <strong>et surtout (car c\u2019est encore plus dangereux m\u00eame si l\u2019un contribue \u00e0 l\u2019autre)<\/strong>\u00a0<strong>pour rajouter \u00e0 \u00ab\u00a0la volont\u00e9 de nuire\u00a0\u00bb,<\/strong> celle de tout d\u00e9truire, d\u2019instaurer le chaos, d\u2019esp\u00e9rer de la part de certains  \u00abune  apocalypse \u00bb, \u00ab une fin du Monde \u00bb, sinon plus rapidement la destruction de l\u2019Occident &#8230;voire m\u00eame, l\u2019arriv\u00e9e du \u00ab jugement dernier \u00bb avec \u00a0\u00bb au fond de l\u2019\u00eatre \u00a0\u00bb de celles et de ceux souvent devenus vieux, mais pas que\u2026 l&rsquo;obsession \u00ab d\u2019exister \u00e0 tout prix \u00bb par leurs discours et leurs actes insens\u00e9s <strong>quand ce n\u2019est pas simplement \u00a0\u00bb le d\u00e9sir de ne pas quitter seuls notre monde\u00a0 \u00a0\u00bb &#8230;<\/strong><\/p>\n\n\n\n<p>\u00a0Me faut-il, \u00e0 ce stade, citer des noms\u2026 ?\u00a0Peut-\u00eatre\u2026 quand m\u00eame <strong>et pour sourire un peu, en commen\u00e7ant, sur le plan national\u2026 par trois noms de \u00ab politicien(ne)s\u00a0sur le retour \u00bb<\/strong> <strong>\u00ab qui n\u2019en manquent pas une \u00bb pour faire parler d\u2019elles et d&rsquo;eux :\u00a0<\/strong>S\u00e9gol\u00e8ne Royal, Dominique De Villepin ou encore Jean-Luc M\u00e9lenchon (et ce ne sont pas les seuls\u2026 y compris avec en plus\u00a0d&rsquo;eux les\u00a0commentateurs \u00a0\u00bb des chaines d&rsquo;infos continues \u00ab\u00a0).<\/p>\n\n\n\n<p>&nbsp;<strong>Mais, et c&rsquo;est beaucoup plus grave, au niveau international et mondial<\/strong> avec<strong>&nbsp;<\/strong>les mollahs qui martyrisent le peuple d\u2019Iran, Donald Trump qui ridiculise les \u00c9tats-Unis, Vladimir Poutine qui r\u00eave d\u2019un retour \u00e0 sa jeunesse sovi\u00e9tique et d\u2019un Netanyahou qui, pour des raisons&nbsp;publiques et priv\u00e9es, n&rsquo;est vraiment pas enclin \u00e0 chercher des solutions raisonnables \u00e0 \u00ab\u00a0la question palestinienne\u00a0\u00bb tout en garantissant bien s\u00fbr le droit \u00e0 l&rsquo;existence d&rsquo;Isra\u00ebl.&nbsp;<\/p>\n\n\n\n<p><strong>Si tous ces personnages ont en commun \u00ab un certain \u00e2ge \u00bb, cela ne doit pas nous faire ignorer l\u2019existence de bien d&rsquo;autres personnes \u00ab\u00a0d&rsquo;un certain \u00e2ge\u00a0\u00bb aussi dont l\u2019exp\u00e9rience, la disponibilit\u00e9, la libert\u00e9 d\u2019esprit et l\u2019absence d\u2019ambitions personnelles &#8230; constituent, en particulier au niveau local, les derniers acteurs en termes de citoyennet\u00e9 R\u00e9publicaine et d&rsquo;activit\u00e9s soci\u00e9tales<\/strong>, <strong>ni ne jamais oublier que la jeunesse n\u2019est pas , en soit , la premi\u00e8re et seule qualit\u00e9 pour faire face \u00e0 tous les dangers qui nous menacent.<\/strong><\/p>\n\n\n\n<p>&nbsp;Monsieur Macron en est un triste exemple par rapport aux espoirs qu\u2019il avait suscit\u00e9 en 2017.<\/p>\n\n\n\n<p>Quant aux&nbsp;jeunes \u00ab\u00a0gardes noirs \u00a0\u00bb qui entourent de \u00a0\u00bb vieux gourous \u00ab\u00a0, je pr\u00e9f\u00e8re ne pas dire \u00e0 qui ils me font penser dans notre histoire.<\/p>\n\n\n\n<p><strong>Depuis le 7 octobre 2023 en Isra\u00ebl qui a fait suite, en terme de gravissime crise mondiale au 24 f\u00e9vrier 2022 en Ukraine,<\/strong> <strong>on a vu l\u2019Ukraine laiss\u00e9e trop seule dans sa d\u00e9fense, celle de l\u2019Europe et celle de l\u2019occident, contre Poutine et l\u2019\u00c9tat d\u2019Isra\u00ebl \u00ab clou\u00e9 au pilori \u00bb parce que \u00ab osant riposter \u00bb au Hamas apr\u00e8s que ces terroristes sanguinaires&nbsp;soient venus massacrer des femmes, des enfants et des hommes sur le territoire Isra\u00e9lien&#8230;&nbsp;Dans des conditions et avec des m\u00e9thodes tout \u00e0 fait&nbsp;abominables.<\/strong><\/p>\n\n\n\n<p>Face \u00e0 tout cela Donald Trump a montr\u00e9 ses limites, \u00ab ses incapacit\u00e9s \u00bb et m\u00eame pire &#8230;tandis que le Hamas a montr\u00e9 son vrai visage qui, lui, est r\u00e9ellement g\u00e9nocidaire tout comme le sont ses complices, les mollahs iraniens et assassins d\u2019autres mouvements terroristes au Liban,&nbsp;sur le d\u00e9troit d\u2019Ormuz, en Afghanistan (et m\u00eame potentiellement dans certaines villes de nos D\u00e9mocraties&nbsp;occidentales). &#8230;ce que beaucoup de \u00ab\u00a0bien-pensants\u00a0\u00bb se refusent \u00e0 d\u00e9noncer<\/p>\n\n\n\n<p><strong>Oui nos \u00ab incapacit\u00e9s \u00bb sont suicidaires face \u00ab aux volont\u00e9s de nuire \u00bb et de d\u00e9truire nos civilisations occidentale&nbsp;avec heureusement une Europe qui, contrairement aux \u00c9tats-Unis, s\u2019est plut\u00f4t bien comport\u00e9e<\/strong> (si on excepte Victor Orban en Hongrie et les socialistes espagnols qui, comme Donald Trump, une heure apr\u00e8s l\u2019autre, \u00ab n\u2019en ratent pas une \u00bb \u2026 )<\/p>\n\n\n\n<p><strong>En France, le monde politique, dans son ensemble, alterne entre&nbsp;une \u00ab\u00a0incapacit\u00e9 \u00a0\u00bb \u00e0 faire face \u00e0 nos probl\u00e8mes de la part de certains<\/strong>&nbsp;<strong>et la<\/strong>&nbsp;<strong>volont\u00e9 de nuire de la part d\u2019autres<\/strong>&nbsp;qui d\u00e9montrent, jour apr\u00e8s jour, qu\u2019ils sont sortis de \u00ab\u00a0l&rsquo;arc R\u00e9publicain\u00a0\u00bb en r\u00eavant sans doute de revivre 1939 \/ 1945&nbsp;ou de vivre le film de Jean Yann \u00ab Les chinois \u00e0 Paris \u00bb \u2026 le tout avec le d\u00e9veloppement, ici et l\u00e0, d\u2019une insanit\u00e9 anti R\u00e9publicaine et anti Fran\u00e7aise \u00a0\u00bb \u00e0 coup de drapeaux palestiniens et d\u2019hurlements anti fran\u00e7ais. (et je p\u00e8se mes mots)<\/p>\n\n\n\n<p><strong>Plus localement, et m\u00eame si c\u2019est beaucoup moins grave, l\u2019\u00e9volution de la MEL a tout lieu de m\u2019inqui\u00e9ter&nbsp;<\/strong>quant \u00e0 ses incapacit\u00e9s&nbsp;factrices&nbsp;de \u00a0\u00bb nuisances\u00a0\u00bb&nbsp;dans certaines communes, dont la ville de Villeneuve d\u2019Ascq, \u00e9ject\u00e9e de l&rsquo;ex\u00e9cutif m\u00e9tropolitain, aura \u00e9t\u00e9 le premier exemple.<\/p>\n\n\n\n<p><strong>Je ne sais pas o\u00f9&nbsp;va nous mener un tel recul de plusieurs d\u00e9cennies<\/strong> <strong>au cours desquelles notre Ville \u00e9tait devenue un de ses principaux moteurs de la M\u00e9tropole Lilloise ?&nbsp;<\/strong>la question est, l\u00e0 aussi, pos\u00e9e entre \u00ab\u00a0incapacit\u00e9\u00a0\u00bb et&nbsp;\u00ab\u00a0volont\u00e9 de nuire\u00a0\u00bb sinon pour certain(e)s de \u00ab\u00a0revanche\u00a0\u00bb&#8230;<\/p>\n\n\n\n<p>&nbsp;<strong>\u00c0 Villeneuve d\u2019Ascq, pourtant, lors des \u00e9lections municipales &#8230; \u00ab on a sauv\u00e9 les meubles \u00bb (contrairement \u00e0 d&rsquo;autres)<\/strong> sans candidats ni donc \u00e9lus du RN,<strong>&nbsp;<\/strong>sans une trop grande pouss\u00e9 communautariste, avec des Droites R\u00e9publicaines stabilis\u00e9es <strong>et surtout des \u00ab\u00a0Forces de Progr\u00e8s \u00a0\u00bb renforc\u00e9es autour de Rassemblement Citoyen &#8230;<\/strong>, le Mouvement que j&rsquo;ai cr\u00e9\u00e9, que je pr\u00e9side et que je compte&nbsp;renforcer&nbsp; tout cela , tout seuls, sans l&rsquo;aide de personne en dehors des villeneuvois(es) eux m\u00e8mes ! Que je veux \u00e0 nouveau remercier<\/p>\n\n\n\n<p><strong>Le moins que l\u2019on puisse dire, c\u2019est que nous, les villeneuvois(es) &#8230;, n\u2019avons pas fait preuve \u00a0\u00bb d\u2019incapacit\u00e9 \u00a0\u00bb \u2026 au contraire\u2026<\/strong> <strong>et je ne connais pas en France beaucoup d\u2019exemples comparables de combats gagn\u00e9s contre tous les appareils politiciens (PS, Verts, radicaux de gauche et partis de droites toutes confondues allant des centristes jusqu&rsquo;\u00e0 \u00ab\u00a0Horizon\u00a0\u00bb)<\/strong> (au demeurant, comme disait ma grand-m\u00e8re : je ne suis pas rancunier mais je n\u2019oublie pas et je ne pardonne pas !).<\/p>\n\n\n\n<p><strong>Alors, certes les jours qui s\u2019annoncent ne seront pas faciles<\/strong>,&nbsp;<strong>que ce soit localement, \u00e0 la MEL et \u00e0 Villeneuve d\u2019Ascq,<\/strong> <strong>que ce soit en France avec la perspective des \u00e9lections Pr\u00e9sidentielles suivies d&rsquo;\u00e9lections l\u00e9gislatives,<\/strong> <strong>que ce soit en Europe avec ses divisions et ses aveuglements face aux menaces qui p\u00e8sent sur nous<\/strong> <strong>et que ce soit au niveau plan\u00e9taire o\u00f9 le risque existe de nous voir passer de l\u2019\u00e9tat de \u00ab guerres mondialis\u00e9es \u00bb \u00e0 celui d\u2019une guerre mondiale, troisi\u00e8me du nom\u2026<\/strong><\/p>\n\n\n\n<p>\u00c0 tous les niveaux, on connait maintenant ceux qui veulent nous nuire et nous d\u00e9truire (y compris \u00e0 l\u2019ONU) !<\/p>\n\n\n\n<p><strong>\u00c0 nous donc de nous donner les moyens de r\u00e9duire sinon de faire dispara\u00eetre nos incapacit\u00e9s\u2026<\/strong> <strong>pour faire face \u00e0 ces volont\u00e9s destructrices \u00e0 notre \u00e9gard !<\/strong><\/p>\n\n\n\n<p>C\u2019est encore possible, mais il n\u2019y a plus de temps \u00e0 perdre.<\/p>\n\n\n\n<p>Oui \u00ab la m\u00e9moire \u00bb \u2026 toujours \u00ab la m\u00e9moire \u00bb : pour conna\u00eetre notre pass\u00e9 afin de bien g\u00e9rer le pr\u00e9sent et surtout de se pr\u00e9parer \u00e0 l&rsquo;Avenir.<\/p>\n\n\n\n<p><strong>Ce ne sera pas facile<\/strong> mais en n\u2019oubliant pas que si rien n\u2019est jamais acquis et que si un combat n\u2019est perdu d\u2019avance que si on ne se donne pas les moyens de le mener, sachons&nbsp;nous battre, \u00e0 tous les niveaux,&nbsp;contre les adversaires de nos civilisations occidentales, pour notre R\u00e9publique Fran\u00e7aise et ses valeurs, pour notre MEL et pour Villeneuve d\u2019Ascq.<\/p>\n\n\n\n<p><strong>Nous le devons \u00e0 nos enfants et \u00e0 tous ceux qui depuis des d\u00e9cennies , souvent avec moi , se sont battus pour cela !<\/strong><\/p>\n\n\n\n<p><strong>G\u00e9rard Caudron<\/strong><\/p>\n","protected":false},"excerpt":{"rendered":"<p>S\u2019agissant de trop de dirigeants politiques du niveau mondial jusqu&rsquo;au niveau local : une seule question se pose les concernant :&nbsp;INCAPACIT\u00c9 OU VOLONT\u00c9 DE NUIRE ? C\u2019est une question que je me suis souvent pos\u00e9e tout au long de ma longue vie publique avec souvent comme r\u00e9ponse, \u00ab les deux mon capitaine \u00bb, incapacit\u00e9 ET &hellip; <\/p>\n<p><a class=\"more-link btn\" href=\"http:\/\/www.gcaudron.com\/?p=10935\">Continue reading<\/a><\/p>\n","protected":false},"author":3,"featured_media":0,"comment_status":"closed","ping_status":"closed","sticky":true,"template":"","format":"standard","meta":{"footnotes":""},"categories":[1],"tags":[],"class_list":["post-10935","post","type-post","status-publish","format-standard","hentry","category-non-classe","item-wrap"],"_links":{"self":[{"href":"http:\/\/www.gcaudron.com\/index.php?rest_route=\/wp\/v2\/posts\/10935","targetHints":{"allow":["GET"]}}],"collection":[{"href":"http:\/\/www.gcaudron.com\/index.php?rest_route=\/wp\/v2\/posts"}],"about":[{"href":"http:\/\/www.gcaudron.com\/index.php?rest_route=\/wp\/v2\/types\/post"}],"author":[{"embeddable":true,"href":"http:\/\/www.gcaudron.com\/index.php?rest_route=\/wp\/v2\/users\/3"}],"replies":[{"embeddable":true,"href":"http:\/\/www.gcaudron.com\/index.php?rest_route=%2Fwp%2Fv2%2Fcomments&post=10935"}],"version-history":[{"count":4,"href":"http:\/\/www.gcaudron.com\/index.php?rest_route=\/wp\/v2\/posts\/10935\/revisions"}],"predecessor-version":[{"id":10942,"href":"http:\/\/www.gcaudron.com\/index.php?rest_route=\/wp\/v2\/posts\/10935\/revisions\/10942"}],"wp:attachment":[{"href":"http:\/\/www.gcaudron.com\/index.php?rest_route=%2Fwp%2Fv2%2Fmedia&parent=10935"}],"wp:term":[{"taxonomy":"category","embeddable":true,"href":"http:\/\/www.gcaudron.com\/index.php?rest_route=%2Fwp%2Fv2%2Fcategories&post=10935"},{"taxonomy":"post_tag","embeddable":true,"href":"http:\/\/www.gcaudron.com\/index.php?rest_route=%2Fwp%2Fv2%2Ftags&post=10935"}],"curies":[{"name":"wp","href":"https:\/\/api.w.org\/{rel}","templated":true}]}}