{"id":10933,"date":"2026-04-15T13:02:19","date_gmt":"2026-04-15T11:02:19","guid":{"rendered":"http:\/\/www.gcaudron.com\/?p=10933"},"modified":"2026-04-16T13:02:55","modified_gmt":"2026-04-16T11:02:55","slug":"memoire-villeneuvoise","status":"publish","type":"post","link":"http:\/\/www.gcaudron.com\/?p=10933","title":{"rendered":"\u00ab\u00a0M\u00e9moire Villeneuvoise\u00a0\u00bb"},"content":{"rendered":"\n<blockquote class=\"wp-block-quote is-layout-flow wp-block-quote-is-layout-flow\">\n<p><strong>En cette ann\u00e9e 2026, 56 ans\u00a0apr\u00e8s la fusion de Flers, d&rsquo;Annappes et d&rsquo;Ascq, pr\u00e9par\u00e9e et vot\u00e9e courageusement par leurs trois conseils municipaux en f\u00e9vrier 1970<\/strong>,\u00a0<strong>Villeneuve d\u2019Ascq aura connu l\u2019\u00e9lection de 9 conseils municipaux \u00e9lus sous son nom, depuis donc 55 ans,\u00a0 \u00a0\u00a0<\/strong>en 1971, 1977, 1983, 1985, 1995, 2021, 2028, 2014, 2020\u00a0(avant celui \u00e9lu le 22 mars) 2026)\u00a0\u00a0avec , parmi ces 9 conseils , 8 conseils dont j\u2019ai fait partie&#8230; dont 7 en tant que Maire et 8 ans comme Conseiller municipal soit 50 ans au total pour ce qui me concerne\u2026 et 425 s\u00e9ances de conseils municipaux &#8230;<\/p>\n\n\n\n<p>au service de ma ville<\/p>\n\n\n\n<p>C\u2019est ce que j\u2019aime appeler \u00ab la magie des nombres \u00bb&#8230;<\/p>\n\n\n\n<p><strong>J<\/strong><strong>\u2019entends aujourd&rsquo;hui\u00a0 , au titre de \u00ab la M\u00e9moire Villeneuvoise \u00bb\u00a0<\/strong><\/p>\n\n\n\n<p><strong>faire conna\u00eetre ou reconna\u00eetre les noms des 3 maires que notre Ville de Villeneuve d&rsquo;Ascq aura connu<\/strong>&nbsp;(avant l&rsquo;\u00e9lection en mars dernier de Sylvain ESTAGER)&nbsp; &#8230; :&nbsp;<\/p>\n\n\n\n<p><strong>Jean Desmarets :<\/strong>&nbsp;1 mandat de 1971 \u00e0 1977&nbsp; (en plus de ses 4 mandats de Flers et une ann\u00e9e entre la fusion de 1970 et l&rsquo;\u00e9lection de 1971 ),&nbsp;<\/p>\n\n\n\n<p><strong>Jean Michel Stievenard<\/strong>&nbsp;: 1 mandat de 2001 \u00e0 2008&nbsp;<\/p>\n\n\n\n<p><strong>G\u00e9rard Caudron<\/strong>&nbsp; : 7 mandats dont 4 de 1977 \u00e0 2001 et 3 de 2008 \u00e0 2026&#8230;<\/p>\n\n\n\n<p>\u00a0<strong>J&rsquo;entends surtout rappeler les noms des conseiller(\u00e8re)s et des adjoint(e)s de toutes sensibilit\u00e9s \u00ab\u00a0politiques<\/strong>\u00a0\u00bb\u00a0<strong>qui\u00a0 ont<\/strong>\u00a0<strong>entour\u00e9s ces 3 maires<\/strong> et qui ont \u00ab\u00a0fait\u00a0\u00bb , d&rsquo;ailleurs trop souvent dans l&rsquo;ombre , notre belle Ville de Villeneuve d&rsquo;Ascq\u00a0 &#8230;\u00a0 avec toutes ses forces vives et une grande majorit\u00e9 de ses habitants&#8230;.,\u00a0 des \u00e9lu(e)s que je ferai figurer sur le site internet de la ville ainsi que\u00a0 dans la future\u00a0<strong>\u00ab\u00a0Maison de la M\u00e9moire Villeneuvoise \u00a0\u00bb &#8230;<\/strong>s i le temps et les moyens m&rsquo;en sont laiss\u00e9s.<\/p>\n\n\n\n<p><strong>G\u00e9rard Caudron<\/strong><\/p>\n<\/blockquote>\n","protected":false},"excerpt":{"rendered":"<p>En cette ann\u00e9e 2026, 56 ans\u00a0apr\u00e8s la fusion de Flers, d&rsquo;Annappes et d&rsquo;Ascq, pr\u00e9par\u00e9e et vot\u00e9e courageusement par leurs trois conseils municipaux en f\u00e9vrier 1970,\u00a0Villeneuve d\u2019Ascq aura connu l\u2019\u00e9lection de 9 conseils municipaux \u00e9lus sous son nom, depuis donc 55 ans,\u00a0 \u00a0\u00a0en 1971, 1977, 1983, 1985, 1995, 2021, 2028, 2014, 2020\u00a0(avant celui \u00e9lu le 22 &hellip; <\/p>\n<p><a class=\"more-link btn\" href=\"http:\/\/www.gcaudron.com\/?p=10933\">Continue reading<\/a><\/p>\n","protected":false},"author":3,"featured_media":0,"comment_status":"closed","ping_status":"closed","sticky":true,"template":"","format":"standard","meta":{"footnotes":""},"categories":[1],"tags":[],"class_list":["post-10933","post","type-post","status-publish","format-standard","hentry","category-non-classe","item-wrap"],"_links":{"self":[{"href":"http:\/\/www.gcaudron.com\/index.php?rest_route=\/wp\/v2\/posts\/10933","targetHints":{"allow":["GET"]}}],"collection":[{"href":"http:\/\/www.gcaudron.com\/index.php?rest_route=\/wp\/v2\/posts"}],"about":[{"href":"http:\/\/www.gcaudron.com\/index.php?rest_route=\/wp\/v2\/types\/post"}],"author":[{"embeddable":true,"href":"http:\/\/www.gcaudron.com\/index.php?rest_route=\/wp\/v2\/users\/3"}],"replies":[{"embeddable":true,"href":"http:\/\/www.gcaudron.com\/index.php?rest_route=%2Fwp%2Fv2%2Fcomments&post=10933"}],"version-history":[{"count":1,"href":"http:\/\/www.gcaudron.com\/index.php?rest_route=\/wp\/v2\/posts\/10933\/revisions"}],"predecessor-version":[{"id":10934,"href":"http:\/\/www.gcaudron.com\/index.php?rest_route=\/wp\/v2\/posts\/10933\/revisions\/10934"}],"wp:attachment":[{"href":"http:\/\/www.gcaudron.com\/index.php?rest_route=%2Fwp%2Fv2%2Fmedia&parent=10933"}],"wp:term":[{"taxonomy":"category","embeddable":true,"href":"http:\/\/www.gcaudron.com\/index.php?rest_route=%2Fwp%2Fv2%2Fcategories&post=10933"},{"taxonomy":"post_tag","embeddable":true,"href":"http:\/\/www.gcaudron.com\/index.php?rest_route=%2Fwp%2Fv2%2Ftags&post=10933"}],"curies":[{"name":"wp","href":"https:\/\/api.w.org\/{rel}","templated":true}]}}